{"id":1218,"date":"2022-10-10T15:02:00","date_gmt":"2022-10-10T15:02:00","guid":{"rendered":"https:\/\/capitaladaciei.ro\/?p=1218"},"modified":"2022-12-02T09:36:50","modified_gmt":"2022-12-02T09:36:50","slug":"targul-de-mestesuguri-de-la-costesti-orastioara-de-sus-hunedoara","status":"publish","type":"post","link":"https:\/\/capitaladaciei.ro\/en\/2022\/10\/10\/targul-de-mestesuguri-de-la-costesti-orastioara-de-sus-hunedoara\/","title":{"rendered":"The craftsmen fair from Coste\u0219ti, Or\u0103\u0219tioara de Sus, Hunedoara."},"content":{"rendered":"<figure class=\"wp-block-image size-large\"><img loading=\"lazy\" decoding=\"async\" width=\"1024\" height=\"724\" src=\"https:\/\/capitaladaciei.ro\/wp-content\/uploads\/2022\/11\/310122788_426688632929174_1439233817496540997_n-1024x724.jpg\" alt=\"\" class=\"wp-image-1219\" srcset=\"https:\/\/capitaladaciei.ro\/wp-content\/uploads\/2022\/11\/310122788_426688632929174_1439233817496540997_n-1024x724.jpg 1024w, https:\/\/capitaladaciei.ro\/wp-content\/uploads\/2022\/11\/310122788_426688632929174_1439233817496540997_n-300x212.jpg 300w, https:\/\/capitaladaciei.ro\/wp-content\/uploads\/2022\/11\/310122788_426688632929174_1439233817496540997_n-768x543.jpg 768w, https:\/\/capitaladaciei.ro\/wp-content\/uploads\/2022\/11\/310122788_426688632929174_1439233817496540997_n-1536x1086.jpg 1536w, https:\/\/capitaladaciei.ro\/wp-content\/uploads\/2022\/11\/310122788_426688632929174_1439233817496540997_n-18x12.jpg 18w, https:\/\/capitaladaciei.ro\/wp-content\/uploads\/2022\/11\/310122788_426688632929174_1439233817496540997_n.jpg 2048w\" sizes=\"auto, (max-width: 1024px) 100vw, 1024px\" \/><\/figure>\n\n\n\n<p class=\"wp-block-paragraph\"><\/p>\n\n\n\n<p class=\"wp-block-paragraph\">Am \u00eencheiat cu folos prima edi\u021bie a T\u00e2rgului de Me\u0219te\u0219uguri din cadrul proiectului nostru. S\u00e2mb\u0103t\u0103 \u0219i duminic\u0103 am avut, pe l\u00e2ng\u0103 un soare prietenos, demonstra\u021bii live de me\u0219te\u0219uguri &#8211; unde vizitatori de toate v\u00e2rstele s-au transformat \u00een fierari, t\u00e2mplari \u0219i \u021bes\u0103tori -, parad\u0103 a portului popular \u0219i spectacol cu momente artistice tradi\u021bionale. Am povestit vizitatorilor despre proiect \u0219i i-am \u00eendemnat s\u0103 se implice activ \u00een um\u0103toarele ac\u021biuni din proiect. <\/p>\n\n\n\n<p class=\"wp-block-paragraph\">Images from the fair: <\/p>\n\n\n\n<figure class=\"wp-block-image size-large\"><img loading=\"lazy\" decoding=\"async\" width=\"1024\" height=\"577\" src=\"https:\/\/capitaladaciei.ro\/wp-content\/uploads\/2022\/11\/311163150_434991178765586_7740385236556433766_n-1024x577.jpg\" alt=\"\" class=\"wp-image-1221\" srcset=\"https:\/\/capitaladaciei.ro\/wp-content\/uploads\/2022\/11\/311163150_434991178765586_7740385236556433766_n-1024x577.jpg 1024w, https:\/\/capitaladaciei.ro\/wp-content\/uploads\/2022\/11\/311163150_434991178765586_7740385236556433766_n-300x169.jpg 300w, https:\/\/capitaladaciei.ro\/wp-content\/uploads\/2022\/11\/311163150_434991178765586_7740385236556433766_n-768x432.jpg 768w, https:\/\/capitaladaciei.ro\/wp-content\/uploads\/2022\/11\/311163150_434991178765586_7740385236556433766_n-1536x865.jpg 1536w, https:\/\/capitaladaciei.ro\/wp-content\/uploads\/2022\/11\/311163150_434991178765586_7740385236556433766_n-18x10.jpg 18w, https:\/\/capitaladaciei.ro\/wp-content\/uploads\/2022\/11\/311163150_434991178765586_7740385236556433766_n.jpg 2048w\" sizes=\"auto, (max-width: 1024px) 100vw, 1024px\" \/><\/figure>\n\n\n\n<figure class=\"wp-block-image size-large\"><img loading=\"lazy\" decoding=\"async\" width=\"1024\" height=\"1024\" src=\"https:\/\/capitaladaciei.ro\/wp-content\/uploads\/2022\/11\/311350217_434992835432087_4266080325316621450_n-1-1024x1024.jpg\" alt=\"\" class=\"wp-image-1222\" srcset=\"https:\/\/capitaladaciei.ro\/wp-content\/uploads\/2022\/11\/311350217_434992835432087_4266080325316621450_n-1-1024x1024.jpg 1024w, https:\/\/capitaladaciei.ro\/wp-content\/uploads\/2022\/11\/311350217_434992835432087_4266080325316621450_n-1-300x300.jpg 300w, https:\/\/capitaladaciei.ro\/wp-content\/uploads\/2022\/11\/311350217_434992835432087_4266080325316621450_n-1-150x150.jpg 150w, https:\/\/capitaladaciei.ro\/wp-content\/uploads\/2022\/11\/311350217_434992835432087_4266080325316621450_n-1-768x768.jpg 768w, https:\/\/capitaladaciei.ro\/wp-content\/uploads\/2022\/11\/311350217_434992835432087_4266080325316621450_n-1-12x12.jpg 12w, https:\/\/capitaladaciei.ro\/wp-content\/uploads\/2022\/11\/311350217_434992835432087_4266080325316621450_n-1.jpg 1153w\" sizes=\"auto, (max-width: 1024px) 100vw, 1024px\" \/><\/figure>\n\n\n\n<figure class=\"wp-block-image size-large\"><img loading=\"lazy\" decoding=\"async\" width=\"768\" height=\"1024\" src=\"https:\/\/capitaladaciei.ro\/wp-content\/uploads\/2022\/11\/311032434_432621572335880_3771162736752082002_n-768x1024.jpg\" alt=\"\" class=\"wp-image-1223\" srcset=\"https:\/\/capitaladaciei.ro\/wp-content\/uploads\/2022\/11\/311032434_432621572335880_3771162736752082002_n-768x1024.jpg 768w, https:\/\/capitaladaciei.ro\/wp-content\/uploads\/2022\/11\/311032434_432621572335880_3771162736752082002_n-225x300.jpg 225w, https:\/\/capitaladaciei.ro\/wp-content\/uploads\/2022\/11\/311032434_432621572335880_3771162736752082002_n-1152x1536.jpg 1152w, https:\/\/capitaladaciei.ro\/wp-content\/uploads\/2022\/11\/311032434_432621572335880_3771162736752082002_n-9x12.jpg 9w, https:\/\/capitaladaciei.ro\/wp-content\/uploads\/2022\/11\/311032434_432621572335880_3771162736752082002_n.jpg 1200w\" sizes=\"auto, (max-width: 768px) 100vw, 768px\" \/><\/figure>\n\n\n\n<figure class=\"wp-block-image size-large\"><img loading=\"lazy\" decoding=\"async\" width=\"1024\" height=\"577\" src=\"https:\/\/capitaladaciei.ro\/wp-content\/uploads\/2022\/11\/310722280_434991185432252_7864309030373645523_n-1024x577.jpg\" alt=\"\" class=\"wp-image-1224\" srcset=\"https:\/\/capitaladaciei.ro\/wp-content\/uploads\/2022\/11\/310722280_434991185432252_7864309030373645523_n-1024x577.jpg 1024w, https:\/\/capitaladaciei.ro\/wp-content\/uploads\/2022\/11\/310722280_434991185432252_7864309030373645523_n-300x169.jpg 300w, https:\/\/capitaladaciei.ro\/wp-content\/uploads\/2022\/11\/310722280_434991185432252_7864309030373645523_n-768x432.jpg 768w, https:\/\/capitaladaciei.ro\/wp-content\/uploads\/2022\/11\/310722280_434991185432252_7864309030373645523_n-1536x865.jpg 1536w, https:\/\/capitaladaciei.ro\/wp-content\/uploads\/2022\/11\/310722280_434991185432252_7864309030373645523_n-18x10.jpg 18w, https:\/\/capitaladaciei.ro\/wp-content\/uploads\/2022\/11\/310722280_434991185432252_7864309030373645523_n.jpg 2048w\" sizes=\"auto, (max-width: 1024px) 100vw, 1024px\" \/><\/figure>\n\n\n\n<figure class=\"wp-block-image size-large\"><img loading=\"lazy\" decoding=\"async\" width=\"1024\" height=\"1024\" src=\"https:\/\/capitaladaciei.ro\/wp-content\/uploads\/2022\/11\/311158039_434992148765489_7560547817444513700_n-1024x1024.jpg\" alt=\"\" class=\"wp-image-1225\" srcset=\"https:\/\/capitaladaciei.ro\/wp-content\/uploads\/2022\/11\/311158039_434992148765489_7560547817444513700_n-1024x1024.jpg 1024w, https:\/\/capitaladaciei.ro\/wp-content\/uploads\/2022\/11\/311158039_434992148765489_7560547817444513700_n-300x300.jpg 300w, https:\/\/capitaladaciei.ro\/wp-content\/uploads\/2022\/11\/311158039_434992148765489_7560547817444513700_n-150x150.jpg 150w, https:\/\/capitaladaciei.ro\/wp-content\/uploads\/2022\/11\/311158039_434992148765489_7560547817444513700_n-768x768.jpg 768w, https:\/\/capitaladaciei.ro\/wp-content\/uploads\/2022\/11\/311158039_434992148765489_7560547817444513700_n-12x12.jpg 12w, https:\/\/capitaladaciei.ro\/wp-content\/uploads\/2022\/11\/311158039_434992148765489_7560547817444513700_n.jpg 1153w\" sizes=\"auto, (max-width: 1024px) 100vw, 1024px\" \/><\/figure>\n\n\n\n<p class=\"wp-block-paragraph\"><em>The Capital of Dacia - A LIVING MUSEUM OF THE EUROPEAN CULTURAL HERITAGE is financed with the support of EEA Grants 2014-2021 within the RO-CULTURE Programme.<\/em> <\/p>\n\n\n\n<hr class=\"wp-block-separator has-alpha-channel-opacity\" \/>\n\n\n\n<p class=\"wp-block-paragraph\">EEA and Norway Grants<br>RO-Culture Programme<br>EEA &amp; Norwegian Grants<br>Ministry of Culture<br>Unitatea de Management a Proiectului &#8211; UMP<br>National Heritage Institute -<br>Hunedoara County Council<br>Mihai Eminescu Trust<br>M\u00f8re og Romsdal fylkeskommune<\/p>","protected":false},"excerpt":{"rendered":"<p>Am \u00eencheiat cu folos prima edi\u021bie a T\u00e2rgului de Me\u0219te\u0219uguri din cadrul proiectului nostru. S\u00e2mb\u0103t\u0103 \u0219i duminic\u0103 am avut, pe l\u00e2ng\u0103 un soare prietenos, demonstra\u021bii live de me\u0219te\u0219uguri &#8211; unde vizitatori de toate v\u00e2rstele s-au transformat \u00een fierari, t\u00e2mplari \u0219i \u021bes\u0103tori -, parad\u0103 a portului popular \u0219i spectacol cu momente artistice tradi\u021bionale. Am povestit vizitatorilor [&hellip;]<\/p>\n","protected":false},"author":3,"featured_media":1219,"comment_status":"closed","ping_status":"open","sticky":false,"template":"","format":"standard","meta":{"pagelayer_contact_templates":[],"_pagelayer_content":"","inline_featured_image":false,"footnotes":""},"categories":[7],"tags":[],"class_list":["post-1218","post","type-post","status-publish","format-standard","has-post-thumbnail","hentry","category-stiri"],"rttpg_featured_image_url":{"full":["https:\/\/capitaladaciei.ro\/wp-content\/uploads\/2022\/11\/310122788_426688632929174_1439233817496540997_n.jpg",2048,1448,false],"landscape":["https:\/\/capitaladaciei.ro\/wp-content\/uploads\/2022\/11\/310122788_426688632929174_1439233817496540997_n.jpg",2048,1448,false],"portraits":["https:\/\/capitaladaciei.ro\/wp-content\/uploads\/2022\/11\/310122788_426688632929174_1439233817496540997_n.jpg",2048,1448,false],"thumbnail":["https:\/\/capitaladaciei.ro\/wp-content\/uploads\/2022\/11\/310122788_426688632929174_1439233817496540997_n-150x150.jpg",150,150,true],"medium":["https:\/\/capitaladaciei.ro\/wp-content\/uploads\/2022\/11\/310122788_426688632929174_1439233817496540997_n-300x212.jpg",300,212,true],"large":["https:\/\/capitaladaciei.ro\/wp-content\/uploads\/2022\/11\/310122788_426688632929174_1439233817496540997_n-1024x724.jpg",1024,724,true],"1536x1536":["https:\/\/capitaladaciei.ro\/wp-content\/uploads\/2022\/11\/310122788_426688632929174_1439233817496540997_n-1536x1086.jpg",1536,1086,true],"2048x2048":["https:\/\/capitaladaciei.ro\/wp-content\/uploads\/2022\/11\/310122788_426688632929174_1439233817496540997_n.jpg",2048,1448,false],"trp-custom-language-flag":["https:\/\/capitaladaciei.ro\/wp-content\/uploads\/2022\/11\/310122788_426688632929174_1439233817496540997_n-18x12.jpg",18,12,true]},"rttpg_author":{"display_name":"Voluntar","author_link":"https:\/\/capitaladaciei.ro\/en\/author\/voluntar\/"},"rttpg_comment":0,"rttpg_category":"<a href=\"https:\/\/capitaladaciei.ro\/en\/category\/stiri\/\" rel=\"category tag\">Stiri<\/a>","rttpg_excerpt":"Am \u00eencheiat cu folos prima edi\u021bie a T\u00e2rgului de Me\u0219te\u0219uguri din cadrul proiectului nostru. S\u00e2mb\u0103t\u0103 \u0219i duminic\u0103 am avut, pe l\u00e2ng\u0103 un soare prietenos, demonstra\u021bii live de me\u0219te\u0219uguri &#8211; unde vizitatori de toate v\u00e2rstele s-au transformat \u00een fierari, t\u00e2mplari \u0219i \u021bes\u0103tori -, parad\u0103 a portului popular \u0219i spectacol cu momente artistice tradi\u021bionale. Am povestit vizitatorilor&hellip;","_links":{"self":[{"href":"https:\/\/capitaladaciei.ro\/en\/wp-json\/wp\/v2\/posts\/1218","targetHints":{"allow":["GET"]}}],"collection":[{"href":"https:\/\/capitaladaciei.ro\/en\/wp-json\/wp\/v2\/posts"}],"about":[{"href":"https:\/\/capitaladaciei.ro\/en\/wp-json\/wp\/v2\/types\/post"}],"author":[{"embeddable":true,"href":"https:\/\/capitaladaciei.ro\/en\/wp-json\/wp\/v2\/users\/3"}],"replies":[{"embeddable":true,"href":"https:\/\/capitaladaciei.ro\/en\/wp-json\/wp\/v2\/comments?post=1218"}],"version-history":[{"count":3,"href":"https:\/\/capitaladaciei.ro\/en\/wp-json\/wp\/v2\/posts\/1218\/revisions"}],"predecessor-version":[{"id":1399,"href":"https:\/\/capitaladaciei.ro\/en\/wp-json\/wp\/v2\/posts\/1218\/revisions\/1399"}],"wp:featuredmedia":[{"embeddable":true,"href":"https:\/\/capitaladaciei.ro\/en\/wp-json\/wp\/v2\/media\/1219"}],"wp:attachment":[{"href":"https:\/\/capitaladaciei.ro\/en\/wp-json\/wp\/v2\/media?parent=1218"}],"wp:term":[{"taxonomy":"category","embeddable":true,"href":"https:\/\/capitaladaciei.ro\/en\/wp-json\/wp\/v2\/categories?post=1218"},{"taxonomy":"post_tag","embeddable":true,"href":"https:\/\/capitaladaciei.ro\/en\/wp-json\/wp\/v2\/tags?post=1218"}],"curies":[{"name":"wp","href":"https:\/\/api.w.org\/{rel}","templated":true}]}}