{"id":1231,"date":"2022-09-20T13:29:00","date_gmt":"2022-09-20T13:29:00","guid":{"rendered":"https:\/\/capitaladaciei.ro\/?p=1231"},"modified":"2022-11-05T16:57:18","modified_gmt":"2022-11-05T16:57:18","slug":"restaurarea-sitului-sarmizegetusa-regia","status":"publish","type":"post","link":"https:\/\/capitaladaciei.ro\/en\/2022\/09\/20\/restaurarea-sitului-sarmizegetusa-regia\/","title":{"rendered":"The restoration works of the Sarmizegetusa Regia"},"content":{"rendered":"<figure class=\"wp-block-image size-large\"><img loading=\"lazy\" decoding=\"async\" width=\"1024\" height=\"537\" src=\"https:\/\/capitaladaciei.ro\/wp-content\/uploads\/2022\/11\/307690324_506452607979521_3722804221774652082_n-1024x537.jpg\" alt=\"\" class=\"wp-image-1232\" srcset=\"https:\/\/capitaladaciei.ro\/wp-content\/uploads\/2022\/11\/307690324_506452607979521_3722804221774652082_n-1024x537.jpg 1024w, https:\/\/capitaladaciei.ro\/wp-content\/uploads\/2022\/11\/307690324_506452607979521_3722804221774652082_n-300x157.jpg 300w, https:\/\/capitaladaciei.ro\/wp-content\/uploads\/2022\/11\/307690324_506452607979521_3722804221774652082_n-768x403.jpg 768w, https:\/\/capitaladaciei.ro\/wp-content\/uploads\/2022\/11\/307690324_506452607979521_3722804221774652082_n-18x9.jpg 18w, https:\/\/capitaladaciei.ro\/wp-content\/uploads\/2022\/11\/307690324_506452607979521_3722804221774652082_n.jpg 1238w\" sizes=\"auto, (max-width: 1024px) 100vw, 1024px\" \/><\/figure>\n\n\n\n<p class=\"wp-block-paragraph\">As we told you, until the restoration works of the Sarmizegetusa Regia site begin, we will continue to talk about the characteristics of the archaeological architecture of Sarmizegetusa Regia, to understand what this process entails.<\/p>\n\n\n\n<p class=\"wp-block-paragraph\"><br>In its preserved form, Sarmizegetusa Regia fortress was built in the Roman Era after the dismantling of the Dacian fortification.\nCharacteristics of the fortress:<br><\/p>\n\n\n\n<p class=\"wp-block-paragraph\"><strong>Characteristics of the fortress: <\/strong><br>1. Accesul se face prin trei deschideri &#8211; Poarta de Vest, care se presupune c\u0103 reprezenta accesul principal, Poarta de Est, care f\u0103cea leg\u0103tura cu zona sacr\u0103 \u0219i Poarta de Vest \u0219i poarta de Sud care avea rol secundar.<br>2. Walls between 3 and 4 meters thick, made of two facings consisting of scattered stone blocks, reinforced with wooden beams (identified through archaeological research of the year 2021).<br>3. \u00cen zona Por\u021bii de Est a fost descoperit\u0103 o suprafa\u021b\u0103 considerabil\u0103 din drumul pavat &#8211; calea sacr\u0103 antic\u0103.<br>4. The site is located on a prolonged mountain ridge with man-made terraces arranged on steep slopes since the Dacian era, surface crossed by small springs and deciduous forests. <\/p>\n\n\n\n<p class=\"wp-block-paragraph\"><\/p>\n\n\n\n<p class=\"wp-block-paragraph\"><em>The Capital of Dacia - A LIVING MUSEUM OF THE EUROPEAN CULTURAL HERITAGE is financed with the support of EEA Grants 2014-2021 within the RO-CULTURE Programme.<\/em> <\/p>\n\n\n\n<hr class=\"wp-block-separator has-alpha-channel-opacity\" \/>\n\n\n\n<p class=\"wp-block-paragraph\">EEA and Norway Grants<br>RO-Culture Programme<br>EEA &amp; Norwegian Grants<br>Ministry of Culture<br>Unitatea de Management a Proiectului &#8211; UMP<br>National Heritage Institute -<br>Hunedoara County Council<br>Mihai Eminescu Trust<br>M\u00f8re og Romsdal fylkeskommune<\/p>","protected":false},"excerpt":{"rendered":"<p>A\u0219a cum v-am spus, p\u00e2n\u0103 vor \u00eencepe lucr\u0103rile de restaurare a sitului Sarmizegetusa Regia, vom continua s\u0103 vorbim despre caracteristicile arhitecturii arheologice de la Sarmizegetusa Regia, pentru a \u00een\u021belege ce presupune acest proces. \u00cen forma actual\u0103, cel mai probabil fortifica\u021bia din piatr\u0103 de la Sarmizegetusa Regia este construit\u0103 de c\u0103tre solda\u021bii romani, pe locul fostei [&hellip;]<\/p>\n","protected":false},"author":3,"featured_media":1232,"comment_status":"closed","ping_status":"open","sticky":false,"template":"","format":"standard","meta":{"pagelayer_contact_templates":[],"_pagelayer_content":"","inline_featured_image":false,"footnotes":""},"categories":[7],"tags":[],"class_list":["post-1231","post","type-post","status-publish","format-standard","has-post-thumbnail","hentry","category-stiri"],"rttpg_featured_image_url":{"full":["https:\/\/capitaladaciei.ro\/wp-content\/uploads\/2022\/11\/307690324_506452607979521_3722804221774652082_n.jpg",1238,649,false],"landscape":["https:\/\/capitaladaciei.ro\/wp-content\/uploads\/2022\/11\/307690324_506452607979521_3722804221774652082_n.jpg",1238,649,false],"portraits":["https:\/\/capitaladaciei.ro\/wp-content\/uploads\/2022\/11\/307690324_506452607979521_3722804221774652082_n.jpg",1238,649,false],"thumbnail":["https:\/\/capitaladaciei.ro\/wp-content\/uploads\/2022\/11\/307690324_506452607979521_3722804221774652082_n-150x150.jpg",150,150,true],"medium":["https:\/\/capitaladaciei.ro\/wp-content\/uploads\/2022\/11\/307690324_506452607979521_3722804221774652082_n-300x157.jpg",300,157,true],"large":["https:\/\/capitaladaciei.ro\/wp-content\/uploads\/2022\/11\/307690324_506452607979521_3722804221774652082_n-1024x537.jpg",1024,537,true],"1536x1536":["https:\/\/capitaladaciei.ro\/wp-content\/uploads\/2022\/11\/307690324_506452607979521_3722804221774652082_n.jpg",1238,649,false],"2048x2048":["https:\/\/capitaladaciei.ro\/wp-content\/uploads\/2022\/11\/307690324_506452607979521_3722804221774652082_n.jpg",1238,649,false],"trp-custom-language-flag":["https:\/\/capitaladaciei.ro\/wp-content\/uploads\/2022\/11\/307690324_506452607979521_3722804221774652082_n-18x9.jpg",18,9,true]},"rttpg_author":{"display_name":"Voluntar","author_link":"https:\/\/capitaladaciei.ro\/en\/author\/voluntar\/"},"rttpg_comment":0,"rttpg_category":"<a href=\"https:\/\/capitaladaciei.ro\/en\/category\/stiri\/\" rel=\"category tag\">Stiri<\/a>","rttpg_excerpt":"A\u0219a cum v-am spus, p\u00e2n\u0103 vor \u00eencepe lucr\u0103rile de restaurare a sitului Sarmizegetusa Regia, vom continua s\u0103 vorbim despre caracteristicile arhitecturii arheologice de la Sarmizegetusa Regia, pentru a \u00een\u021belege ce presupune acest proces. \u00cen forma actual\u0103, cel mai probabil fortifica\u021bia din piatr\u0103 de la Sarmizegetusa Regia este construit\u0103 de c\u0103tre solda\u021bii romani, pe locul fostei&hellip;","_links":{"self":[{"href":"https:\/\/capitaladaciei.ro\/en\/wp-json\/wp\/v2\/posts\/1231","targetHints":{"allow":["GET"]}}],"collection":[{"href":"https:\/\/capitaladaciei.ro\/en\/wp-json\/wp\/v2\/posts"}],"about":[{"href":"https:\/\/capitaladaciei.ro\/en\/wp-json\/wp\/v2\/types\/post"}],"author":[{"embeddable":true,"href":"https:\/\/capitaladaciei.ro\/en\/wp-json\/wp\/v2\/users\/3"}],"replies":[{"embeddable":true,"href":"https:\/\/capitaladaciei.ro\/en\/wp-json\/wp\/v2\/comments?post=1231"}],"version-history":[{"count":1,"href":"https:\/\/capitaladaciei.ro\/en\/wp-json\/wp\/v2\/posts\/1231\/revisions"}],"predecessor-version":[{"id":1233,"href":"https:\/\/capitaladaciei.ro\/en\/wp-json\/wp\/v2\/posts\/1231\/revisions\/1233"}],"wp:featuredmedia":[{"embeddable":true,"href":"https:\/\/capitaladaciei.ro\/en\/wp-json\/wp\/v2\/media\/1232"}],"wp:attachment":[{"href":"https:\/\/capitaladaciei.ro\/en\/wp-json\/wp\/v2\/media?parent=1231"}],"wp:term":[{"taxonomy":"category","embeddable":true,"href":"https:\/\/capitaladaciei.ro\/en\/wp-json\/wp\/v2\/categories?post=1231"},{"taxonomy":"post_tag","embeddable":true,"href":"https:\/\/capitaladaciei.ro\/en\/wp-json\/wp\/v2\/tags?post=1231"}],"curies":[{"name":"wp","href":"https:\/\/api.w.org\/{rel}","templated":true}]}}