{"id":1234,"date":"2022-09-15T08:48:00","date_gmt":"2022-09-15T08:48:00","guid":{"rendered":"https:\/\/capitaladaciei.ro\/?p=1234"},"modified":"2022-11-05T17:00:00","modified_gmt":"2022-11-05T17:00:00","slug":"atelierele-de-fierarie-de-la-costesti-intre-23-25-septembrie-si-30-septembrie-2-octombrie","status":"publish","type":"post","link":"https:\/\/capitaladaciei.ro\/en\/2022\/09\/15\/atelierele-de-fierarie-de-la-costesti-intre-23-25-septembrie-si-30-septembrie-2-octombrie\/","title":{"rendered":"Blacksmith workshops in Coste\u0219ti, between September 23-25 \u200b\u200band September 30 \u2013 October 2"},"content":{"rendered":"<p class=\"wp-block-paragraph\"><\/p>\n\n\n\n<figure class=\"wp-block-image size-full\"><img loading=\"lazy\" decoding=\"async\" width=\"720\" height=\"540\" src=\"https:\/\/capitaladaciei.ro\/wp-content\/uploads\/2022\/11\/307165736_502964988328283_2165566387005962440_n.jpg\" alt=\"\" class=\"wp-image-1235\" srcset=\"https:\/\/capitaladaciei.ro\/wp-content\/uploads\/2022\/11\/307165736_502964988328283_2165566387005962440_n.jpg 720w, https:\/\/capitaladaciei.ro\/wp-content\/uploads\/2022\/11\/307165736_502964988328283_2165566387005962440_n-300x225.jpg 300w, https:\/\/capitaladaciei.ro\/wp-content\/uploads\/2022\/11\/307165736_502964988328283_2165566387005962440_n-16x12.jpg 16w\" sizes=\"auto, (max-width: 720px) 100vw, 720px\" \/><\/figure>\n\n\n\n<p class=\"wp-block-paragraph\">V\u0103 anun\u021b\u0103m din timp c\u0103 v\u0103 pute\u021bi re\u00eent\u00e2lni cu fierarii de la Batem fierul la conac \u00een dou\u0103 week-enduri consecutive la Coste\u0219ti, \u00eentre 23-25 septembrie \u0219i 30 septembrie &#8211; 2 octombrie.<\/p>\n\n\n\n<p class=\"wp-block-paragraph\"><\/p>\n\n\n\n<p class=\"wp-block-paragraph\">Our collaborators told us that: We will forge objects based on those in the Sarmizegetusa collection, asking us a whole series of questions specific to the craft. You can find us near the Tourist Information Center, in the team of Adrien Corbin, Erwan Morice and Roman Sebright. <\/p>\n\n\n\n<p class=\"wp-block-paragraph\"><\/p>\n\n\n\n<p class=\"wp-block-paragraph\">The blacksmith workshops are designed for both children and adults and are supported by three experienced blacksmiths from the \"Batem fierul la conac\" Ironworks! and trained at the prestigious institution Les Compagnons du Devoir et du Tour De France.<\/p>\n\n\n\n<p class=\"wp-block-paragraph\">Programul atelierelor: vineri, s\u00e2mb\u0103t\u0103, duminic\u0103: 10:00 &#8211; 16:00 cu pauz\u0103 \u00eentre 14:00 &#8211; 14:30. Veni\u021bi direct l\u00e2ng\u0103 Centrul de Informare Turistic\u0103, ne g\u0103si\u021bi acolo! <\/p>\n\n\n\n<p class=\"wp-block-paragraph\"><\/p>","protected":false},"excerpt":{"rendered":"<p>V\u0103 anun\u021b\u0103m din timp c\u0103 v\u0103 pute\u021bi re\u00eent\u00e2lni cu fierarii de la Batem fierul la conac \u00een dou\u0103 week-enduri consecutive la Coste\u0219ti, \u00eentre 23-25 septembrie \u0219i 30 septembrie &#8211; 2 octombrie. Colaboratorii no\u0219tri ne-au transmis c\u0103: Vom forja obiecte dup\u0103 cele existente \u00een colec\u021bia de la Sarmizegetusa, pun\u00e2ndu-ne o serie \u00eentreag\u0103 de \u00eentreb\u0103ri specifice me\u0219te\u0219ugului. [&hellip;]<\/p>\n","protected":false},"author":3,"featured_media":1235,"comment_status":"closed","ping_status":"open","sticky":false,"template":"","format":"standard","meta":{"pagelayer_contact_templates":[],"_pagelayer_content":"","inline_featured_image":false,"footnotes":""},"categories":[7],"tags":[],"class_list":["post-1234","post","type-post","status-publish","format-standard","has-post-thumbnail","hentry","category-stiri"],"rttpg_featured_image_url":{"full":["https:\/\/capitaladaciei.ro\/wp-content\/uploads\/2022\/11\/307165736_502964988328283_2165566387005962440_n.jpg",720,540,false],"landscape":["https:\/\/capitaladaciei.ro\/wp-content\/uploads\/2022\/11\/307165736_502964988328283_2165566387005962440_n.jpg",720,540,false],"portraits":["https:\/\/capitaladaciei.ro\/wp-content\/uploads\/2022\/11\/307165736_502964988328283_2165566387005962440_n.jpg",720,540,false],"thumbnail":["https:\/\/capitaladaciei.ro\/wp-content\/uploads\/2022\/11\/307165736_502964988328283_2165566387005962440_n-150x150.jpg",150,150,true],"medium":["https:\/\/capitaladaciei.ro\/wp-content\/uploads\/2022\/11\/307165736_502964988328283_2165566387005962440_n-300x225.jpg",300,225,true],"large":["https:\/\/capitaladaciei.ro\/wp-content\/uploads\/2022\/11\/307165736_502964988328283_2165566387005962440_n.jpg",720,540,false],"1536x1536":["https:\/\/capitaladaciei.ro\/wp-content\/uploads\/2022\/11\/307165736_502964988328283_2165566387005962440_n.jpg",720,540,false],"2048x2048":["https:\/\/capitaladaciei.ro\/wp-content\/uploads\/2022\/11\/307165736_502964988328283_2165566387005962440_n.jpg",720,540,false],"trp-custom-language-flag":["https:\/\/capitaladaciei.ro\/wp-content\/uploads\/2022\/11\/307165736_502964988328283_2165566387005962440_n-16x12.jpg",16,12,true]},"rttpg_author":{"display_name":"Voluntar","author_link":"https:\/\/capitaladaciei.ro\/en\/author\/voluntar\/"},"rttpg_comment":0,"rttpg_category":"<a href=\"https:\/\/capitaladaciei.ro\/en\/category\/stiri\/\" rel=\"category tag\">Stiri<\/a>","rttpg_excerpt":"V\u0103 anun\u021b\u0103m din timp c\u0103 v\u0103 pute\u021bi re\u00eent\u00e2lni cu fierarii de la Batem fierul la conac \u00een dou\u0103 week-enduri consecutive la Coste\u0219ti, \u00eentre 23-25 septembrie \u0219i 30 septembrie &#8211; 2 octombrie. Colaboratorii no\u0219tri ne-au transmis c\u0103: Vom forja obiecte dup\u0103 cele existente \u00een colec\u021bia de la Sarmizegetusa, pun\u00e2ndu-ne o serie \u00eentreag\u0103 de \u00eentreb\u0103ri specifice me\u0219te\u0219ugului.&hellip;","_links":{"self":[{"href":"https:\/\/capitaladaciei.ro\/en\/wp-json\/wp\/v2\/posts\/1234","targetHints":{"allow":["GET"]}}],"collection":[{"href":"https:\/\/capitaladaciei.ro\/en\/wp-json\/wp\/v2\/posts"}],"about":[{"href":"https:\/\/capitaladaciei.ro\/en\/wp-json\/wp\/v2\/types\/post"}],"author":[{"embeddable":true,"href":"https:\/\/capitaladaciei.ro\/en\/wp-json\/wp\/v2\/users\/3"}],"replies":[{"embeddable":true,"href":"https:\/\/capitaladaciei.ro\/en\/wp-json\/wp\/v2\/comments?post=1234"}],"version-history":[{"count":1,"href":"https:\/\/capitaladaciei.ro\/en\/wp-json\/wp\/v2\/posts\/1234\/revisions"}],"predecessor-version":[{"id":1236,"href":"https:\/\/capitaladaciei.ro\/en\/wp-json\/wp\/v2\/posts\/1234\/revisions\/1236"}],"wp:featuredmedia":[{"embeddable":true,"href":"https:\/\/capitaladaciei.ro\/en\/wp-json\/wp\/v2\/media\/1235"}],"wp:attachment":[{"href":"https:\/\/capitaladaciei.ro\/en\/wp-json\/wp\/v2\/media?parent=1234"}],"wp:term":[{"taxonomy":"category","embeddable":true,"href":"https:\/\/capitaladaciei.ro\/en\/wp-json\/wp\/v2\/categories?post=1234"},{"taxonomy":"post_tag","embeddable":true,"href":"https:\/\/capitaladaciei.ro\/en\/wp-json\/wp\/v2\/tags?post=1234"}],"curies":[{"name":"wp","href":"https:\/\/api.w.org\/{rel}","templated":true}]}}