{"id":1245,"date":"2022-09-07T07:53:00","date_gmt":"2022-09-07T07:53:00","guid":{"rendered":"https:\/\/capitaladaciei.ro\/?p=1245"},"modified":"2022-11-05T17:17:53","modified_gmt":"2022-11-05T17:17:53","slug":"proiectul-de-restaurare-si-revitalizare-a-sitului-arheologic-sarmizegetusa-regia-ultimele-pregatiri","status":"publish","type":"post","link":"https:\/\/capitaladaciei.ro\/en\/2022\/09\/07\/proiectul-de-restaurare-si-revitalizare-a-sitului-arheologic-sarmizegetusa-regia-ultimele-pregatiri\/","title":{"rendered":"The project of restoration and revitalization of the archaeological site Sarmizegetusa Regia - Final preparations"},"content":{"rendered":"<figure class=\"wp-block-image size-full\"><img loading=\"lazy\" decoding=\"async\" width=\"940\" height=\"788\" src=\"https:\/\/capitaladaciei.ro\/wp-content\/uploads\/2022\/11\/305647232_497575912200524_1032370954796336540_n.png\" alt=\"\" class=\"wp-image-1246\" srcset=\"https:\/\/capitaladaciei.ro\/wp-content\/uploads\/2022\/11\/305647232_497575912200524_1032370954796336540_n.png 940w, https:\/\/capitaladaciei.ro\/wp-content\/uploads\/2022\/11\/305647232_497575912200524_1032370954796336540_n-300x251.png 300w, https:\/\/capitaladaciei.ro\/wp-content\/uploads\/2022\/11\/305647232_497575912200524_1032370954796336540_n-768x644.png 768w, https:\/\/capitaladaciei.ro\/wp-content\/uploads\/2022\/11\/305647232_497575912200524_1032370954796336540_n-14x12.png 14w\" sizes=\"auto, (max-width: 940px) 100vw, 940px\" \/><\/figure>\n\n\n\n<p class=\"wp-block-paragraph\">If you want to know how we are doing with the activities in the project, here is our plan for September. <\/p>\n\n\n\n<p class=\"wp-block-paragraph\"><br><strong>We, the team from Hunedoara County Council:<\/strong><\/p>\n\n\n\n<ol class=\"wp-block-list\">\n<li>- We finalize the purchase of the execution of works;<\/li>\n\n\n\n<li>- We carry out the purchase of archaeological surveillance and research services;<\/li>\n\n\n\n<li>- We are starting the acquisition of the tourist information system;<\/li>\n\n\n\n<li>- We will prepare our Seminar alongside the Norwegian partner and we will take part in the activities of our Romanian partner.<\/li>\n\n\n\n<li><\/li>\n<\/ol>\n\n\n\n<p class=\"wp-block-paragraph\"><strong>We, the members of the Mihai Eminescu Trust team<\/strong><\/p>\n\n\n\n<ol class=\"wp-block-list\">\n<li>are currently organizing two more series of Dacian blacksmithing workshops in September, on the weekends of 23-25.09 and 30.09-2.10. <\/li>\n\n\n\n<li>Mai apoi, planific\u0103m T\u00e2rgul me\u0219te\u0219ugarilor &#8211; ocazie cu care ne \u00eent\u00e2lnim cu voi pe 8 \u0219i 9 octombrie. Toate aceste evenimente au loc \u00een Coste\u0219ti, l\u00e2ng\u0103 Centrul de Informare Turistic\u0103. Veni\u021bi? <\/li>\n\n\n\n<li>We are working hard and with increasing speed to set up the training workshops for young people and adults in the area: Heritage Guides! We will let you know all the details about that at the right time.<\/li>\n\n\n\n<li>And very soon we are preparing to launch the project`s web page and bring out the customized sets of materials: caps, vests, diaries and cool bags so that you can recognize our future Heritage Guides. We are giving a hand in organizing the seminar in November, together with our Norwegian partner.<\/li>\n<\/ol>\n\n\n\n<p class=\"wp-block-paragraph\"><\/p>\n\n\n\n<p class=\"wp-block-paragraph\">This is not all! At the end of the month, restoration work will begin, so we'll be back with more details on that in the coming weeks. <\/p>\n\n\n\n<p class=\"wp-block-paragraph\">Capitala Daciei &#8211; muzeu viu al patrimoniului cultural european este numele proiectului depus de Consiliul Judetean Hunedoara \u0219i desf\u0103\u0219urat \u00een parteneriat cu Mihai Eminescu Trust \u0219i M\u00f8re &amp; Romsdal County Council din Norvegia.<br><\/p>\n\n\n\n<p class=\"wp-block-paragraph\"><em>The Capital of Dacia - A LIVING MUSEUM OF THE EUROPEAN CULTURAL HERITAGE is financed with the support of EEA Grants 2014-2021 within the RO-CULTURE Programme.<\/em> <\/p>\n\n\n\n<p class=\"wp-block-paragraph\">EEA and Norway Grants<br>RO-Culture Programme<br>EEA &amp; Norwegian Grants<br>Ministry of Culture<br>Unitatea de Management a Proiectului &#8211; UMP<br>National Heritage Institute -<br>Hunedoara County Council<br>Mihai Eminescu Trust<br>M\u00f8re og Romsdal fylkeskommune <\/p>","protected":false},"excerpt":{"rendered":"<p>Dac\u0103 vre\u021bi s\u0103 \u0219ti\u021bi cum st\u0103m cu activit\u0103\u021bile din proiect, venim la voi cu \u0219tirea lunar\u0103 \u00een care v\u0103 povestim cum decurg lucrurile \u00een proiect. Noi, echipa de la CJ Hunedoara: Noi, cei de la Funda\u021bia Mihai Eminescu Trust: \u0218i\u2026 \u00eenc\u0103 ceva! La finalul lunii, vor \u00eencepe lucr\u0103rile de restaurare, a\u0219a c\u0103 revenim cu mai [&hellip;]<\/p>\n","protected":false},"author":3,"featured_media":1246,"comment_status":"closed","ping_status":"open","sticky":false,"template":"","format":"standard","meta":{"pagelayer_contact_templates":[],"_pagelayer_content":"","inline_featured_image":false,"footnotes":""},"categories":[7],"tags":[],"class_list":["post-1245","post","type-post","status-publish","format-standard","has-post-thumbnail","hentry","category-stiri"],"rttpg_featured_image_url":{"full":["https:\/\/capitaladaciei.ro\/wp-content\/uploads\/2022\/11\/305647232_497575912200524_1032370954796336540_n.png",940,788,false],"landscape":["https:\/\/capitaladaciei.ro\/wp-content\/uploads\/2022\/11\/305647232_497575912200524_1032370954796336540_n.png",940,788,false],"portraits":["https:\/\/capitaladaciei.ro\/wp-content\/uploads\/2022\/11\/305647232_497575912200524_1032370954796336540_n.png",940,788,false],"thumbnail":["https:\/\/capitaladaciei.ro\/wp-content\/uploads\/2022\/11\/305647232_497575912200524_1032370954796336540_n-150x150.png",150,150,true],"medium":["https:\/\/capitaladaciei.ro\/wp-content\/uploads\/2022\/11\/305647232_497575912200524_1032370954796336540_n-300x251.png",300,251,true],"large":["https:\/\/capitaladaciei.ro\/wp-content\/uploads\/2022\/11\/305647232_497575912200524_1032370954796336540_n.png",940,788,false],"1536x1536":["https:\/\/capitaladaciei.ro\/wp-content\/uploads\/2022\/11\/305647232_497575912200524_1032370954796336540_n.png",940,788,false],"2048x2048":["https:\/\/capitaladaciei.ro\/wp-content\/uploads\/2022\/11\/305647232_497575912200524_1032370954796336540_n.png",940,788,false],"trp-custom-language-flag":["https:\/\/capitaladaciei.ro\/wp-content\/uploads\/2022\/11\/305647232_497575912200524_1032370954796336540_n-14x12.png",14,12,true]},"rttpg_author":{"display_name":"Voluntar","author_link":"https:\/\/capitaladaciei.ro\/en\/author\/voluntar\/"},"rttpg_comment":0,"rttpg_category":"<a href=\"https:\/\/capitaladaciei.ro\/en\/category\/stiri\/\" rel=\"category tag\">Stiri<\/a>","rttpg_excerpt":"Dac\u0103 vre\u021bi s\u0103 \u0219ti\u021bi cum st\u0103m cu activit\u0103\u021bile din proiect, venim la voi cu \u0219tirea lunar\u0103 \u00een care v\u0103 povestim cum decurg lucrurile \u00een proiect. Noi, echipa de la CJ Hunedoara: Noi, cei de la Funda\u021bia Mihai Eminescu Trust: \u0218i\u2026 \u00eenc\u0103 ceva! La finalul lunii, vor \u00eencepe lucr\u0103rile de restaurare, a\u0219a c\u0103 revenim cu mai&hellip;","_links":{"self":[{"href":"https:\/\/capitaladaciei.ro\/en\/wp-json\/wp\/v2\/posts\/1245","targetHints":{"allow":["GET"]}}],"collection":[{"href":"https:\/\/capitaladaciei.ro\/en\/wp-json\/wp\/v2\/posts"}],"about":[{"href":"https:\/\/capitaladaciei.ro\/en\/wp-json\/wp\/v2\/types\/post"}],"author":[{"embeddable":true,"href":"https:\/\/capitaladaciei.ro\/en\/wp-json\/wp\/v2\/users\/3"}],"replies":[{"embeddable":true,"href":"https:\/\/capitaladaciei.ro\/en\/wp-json\/wp\/v2\/comments?post=1245"}],"version-history":[{"count":1,"href":"https:\/\/capitaladaciei.ro\/en\/wp-json\/wp\/v2\/posts\/1245\/revisions"}],"predecessor-version":[{"id":1247,"href":"https:\/\/capitaladaciei.ro\/en\/wp-json\/wp\/v2\/posts\/1245\/revisions\/1247"}],"wp:featuredmedia":[{"embeddable":true,"href":"https:\/\/capitaladaciei.ro\/en\/wp-json\/wp\/v2\/media\/1246"}],"wp:attachment":[{"href":"https:\/\/capitaladaciei.ro\/en\/wp-json\/wp\/v2\/media?parent=1245"}],"wp:term":[{"taxonomy":"category","embeddable":true,"href":"https:\/\/capitaladaciei.ro\/en\/wp-json\/wp\/v2\/categories?post=1245"},{"taxonomy":"post_tag","embeddable":true,"href":"https:\/\/capitaladaciei.ro\/en\/wp-json\/wp\/v2\/tags?post=1245"}],"curies":[{"name":"wp","href":"https:\/\/api.w.org\/{rel}","templated":true}]}}