{"id":1268,"date":"2022-09-01T00:35:00","date_gmt":"2022-09-01T00:35:00","guid":{"rendered":"https:\/\/capitaladaciei.ro\/?p=1268"},"modified":"2022-11-12T11:08:44","modified_gmt":"2022-11-12T11:08:44","slug":"scoala-de-vara-micul-arheolog-prima-editie-august-2022","status":"publish","type":"post","link":"https:\/\/capitaladaciei.ro\/en\/2022\/09\/01\/scoala-de-vara-micul-arheolog-prima-editie-august-2022\/","title":{"rendered":"The \"Little Archaeologist\" Summer School, first edition - August 2022"},"content":{"rendered":"<figure class=\"wp-block-image size-large\"><img loading=\"lazy\" decoding=\"async\" width=\"1024\" height=\"576\" src=\"https:\/\/capitaladaciei.ro\/wp-content\/uploads\/2022\/11\/304745418_493725695918879_2415146806092389700_n-1024x576.jpg\" alt=\"\" class=\"wp-image-1269\" srcset=\"https:\/\/capitaladaciei.ro\/wp-content\/uploads\/2022\/11\/304745418_493725695918879_2415146806092389700_n-1024x576.jpg 1024w, https:\/\/capitaladaciei.ro\/wp-content\/uploads\/2022\/11\/304745418_493725695918879_2415146806092389700_n-300x169.jpg 300w, https:\/\/capitaladaciei.ro\/wp-content\/uploads\/2022\/11\/304745418_493725695918879_2415146806092389700_n-768x432.jpg 768w, https:\/\/capitaladaciei.ro\/wp-content\/uploads\/2022\/11\/304745418_493725695918879_2415146806092389700_n-18x10.jpg 18w, https:\/\/capitaladaciei.ro\/wp-content\/uploads\/2022\/11\/304745418_493725695918879_2415146806092389700_n.jpg 1475w\" sizes=\"auto, (max-width: 1024px) 100vw, 1024px\" \/><\/figure>\n\n\n\n<p class=\"wp-block-paragraph\">\u00cen august cel fierbinte dar \u0219i foarte productiv pentru noi, nu mai pu\u021bin de 28 de copii \u0219i tineri cu viziune \u0219i mult poten\u021bial din jude\u021bul Hunedoara ne-au spus un hot\u0103r\u00e2t Prezent pentru patromoniu la \u0218coala de var\u0103 Micul Arheolog &#8211; prima edi\u021bie!<\/p>\n\n\n\n<p class=\"wp-block-paragraph\">There was a good collaboration between our Romanian partner, the Mihai Eminescu Trust Foundation and the National History Museum of Transylvania, responsible for organizing the camp. Excavation simulations, useful trips to the Dacian fortresses, various competitions organized by teams, but also sports and relaxation activities, all went very well together! <\/p>\n\n\n\n<figure class=\"wp-block-image size-large\"><img loading=\"lazy\" decoding=\"async\" width=\"1024\" height=\"576\" src=\"https:\/\/capitaladaciei.ro\/wp-content\/uploads\/2022\/11\/304784868_493725625918886_1428483915174230261_n-1-1024x576.jpg\" alt=\"\" class=\"wp-image-1272\" srcset=\"https:\/\/capitaladaciei.ro\/wp-content\/uploads\/2022\/11\/304784868_493725625918886_1428483915174230261_n-1-1024x576.jpg 1024w, https:\/\/capitaladaciei.ro\/wp-content\/uploads\/2022\/11\/304784868_493725625918886_1428483915174230261_n-1-300x169.jpg 300w, https:\/\/capitaladaciei.ro\/wp-content\/uploads\/2022\/11\/304784868_493725625918886_1428483915174230261_n-1-768x432.jpg 768w, https:\/\/capitaladaciei.ro\/wp-content\/uploads\/2022\/11\/304784868_493725625918886_1428483915174230261_n-1-18x10.jpg 18w, https:\/\/capitaladaciei.ro\/wp-content\/uploads\/2022\/11\/304784868_493725625918886_1428483915174230261_n-1.jpg 1475w\" sizes=\"auto, (max-width: 1024px) 100vw, 1024px\" \/><\/figure>\n\n\n\n<p class=\"wp-block-paragraph\"><br><strong>Here's what we achieved:<\/strong><br>The kids became familiar with the role, purpose and methods used in archaeological research and with the major archaeological discoveries in the Or\u0103\u0219tiei Mountains area.<\/p>\n\n\n\n<p class=\"wp-block-paragraph\"><\/p>\n\n\n\n<p class=\"wp-block-paragraph\">They found out about the role that they will play in the future in the preservation and restoration of local heritage.<\/p>\n\n\n\n<p class=\"wp-block-paragraph\"><br>The children understood how human activities leave traces in the soil and how the layers that archaeologists follow are formed.<br><\/p>\n\n\n\n<p class=\"wp-block-paragraph\">They recreated a Dacian wall and learned about the methods used to build it.<br><\/p>\n\n\n\n<p class=\"wp-block-paragraph\">The practical activities suggested and simulated the complexity and rigor imposed by the work of archaeologists.<br><\/p>\n\n\n\n<p class=\"wp-block-paragraph\">Their imagination was stimulated to the maximum when they were able to create individual patterns to decorate Dacian style ceramics, at a level beyond the expectations of the organizers. <\/p>\n\n\n\n<p class=\"wp-block-paragraph\"><br>To summarize, we believe that the Summer School organized in Coste\u0219ti in August 2022 was truly a success! Collaboration, teamwork, recognition of the talent and skill of some of the participants in certain activities allowed the teams to come together, and winning the competitions gave them the validation of the choices that they made.\nSee you all next year! <\/p>\n\n\n\n<figure class=\"wp-block-image size-large\"><img loading=\"lazy\" decoding=\"async\" width=\"1024\" height=\"576\" src=\"https:\/\/capitaladaciei.ro\/wp-content\/uploads\/2022\/11\/304648921_493725622585553_3790662103299297366_n-1024x576.jpg\" alt=\"\" class=\"wp-image-1270\" srcset=\"https:\/\/capitaladaciei.ro\/wp-content\/uploads\/2022\/11\/304648921_493725622585553_3790662103299297366_n-1024x576.jpg 1024w, https:\/\/capitaladaciei.ro\/wp-content\/uploads\/2022\/11\/304648921_493725622585553_3790662103299297366_n-300x169.jpg 300w, https:\/\/capitaladaciei.ro\/wp-content\/uploads\/2022\/11\/304648921_493725622585553_3790662103299297366_n-768x432.jpg 768w, https:\/\/capitaladaciei.ro\/wp-content\/uploads\/2022\/11\/304648921_493725622585553_3790662103299297366_n-18x10.jpg 18w, https:\/\/capitaladaciei.ro\/wp-content\/uploads\/2022\/11\/304648921_493725622585553_3790662103299297366_n.jpg 1475w\" sizes=\"auto, (max-width: 1024px) 100vw, 1024px\" \/><\/figure>\n\n\n\n<p class=\"wp-block-paragraph\">Collaboration, teamwork, recognition of the talent and skill of some of the participants in certain activities allowed the teams to come together, and winning the competitions gave them the validation of the choices made. The organizers have identified several participants whose level of knowledge and involvement in activities related to archaeological research and local heritage is very high, and for them we will try to make participation in the next edition safe because they are poles of dissemination among students of a similar age. <\/p>\n\n\n\n<figure class=\"wp-block-image size-large\"><img loading=\"lazy\" decoding=\"async\" width=\"1024\" height=\"576\" src=\"https:\/\/capitaladaciei.ro\/wp-content\/uploads\/2022\/11\/305097529_493725629252219_5926221144860502650_n-1024x576.jpg\" alt=\"\" class=\"wp-image-1273\" srcset=\"https:\/\/capitaladaciei.ro\/wp-content\/uploads\/2022\/11\/305097529_493725629252219_5926221144860502650_n-1024x576.jpg 1024w, https:\/\/capitaladaciei.ro\/wp-content\/uploads\/2022\/11\/305097529_493725629252219_5926221144860502650_n-300x169.jpg 300w, https:\/\/capitaladaciei.ro\/wp-content\/uploads\/2022\/11\/305097529_493725629252219_5926221144860502650_n-768x432.jpg 768w, https:\/\/capitaladaciei.ro\/wp-content\/uploads\/2022\/11\/305097529_493725629252219_5926221144860502650_n-18x10.jpg 18w, https:\/\/capitaladaciei.ro\/wp-content\/uploads\/2022\/11\/305097529_493725629252219_5926221144860502650_n.jpg 1475w\" sizes=\"auto, (max-width: 1024px) 100vw, 1024px\" \/><\/figure>\n\n\n\n<p class=\"wp-block-paragraph\"><em>The Capital of Dacia - A LIVING MUSEUM OF THE EUROPEAN CULTURAL HERITAGE is financed with the support of EEA Grants 2014-2021 within the RO-CULTURE Programme.<\/em><\/p>\n\n\n\n<hr class=\"wp-block-separator has-alpha-channel-opacity\" \/>\n\n\n\n<p class=\"wp-block-paragraph\">EEA and Norway Grants<br>RO-Culture Programme<br>EEA &amp; Norwegian Grants<br>Ministry of Culture<br>Unitatea de Management a Proiectului &#8211; UMP<br>National Heritage Institute -<br>Hunedoara County Council<br>Mihai Eminescu Trust<br>M\u00f8re og Romsdal fylkeskommune<\/p>","protected":false},"excerpt":{"rendered":"<p>\u00cen august cel fierbinte dar \u0219i foarte productiv pentru noi, nu mai pu\u021bin de 28 de copii \u0219i tineri cu viziune \u0219i mult poten\u021bial din jude\u021bul Hunedoara ne-au spus un hot\u0103r\u00e2t Prezent pentru patromoniu la \u0218coala de var\u0103 Micul Arheolog &#8211; prima edi\u021bie! Putem vorbi de o bun\u0103 colaborare \u00eentre partenerul nostru rom\u00e2n, Funda\u021bia Mihai [&hellip;]<\/p>\n","protected":false},"author":3,"featured_media":1269,"comment_status":"closed","ping_status":"open","sticky":false,"template":"","format":"standard","meta":{"pagelayer_contact_templates":[],"_pagelayer_content":"","inline_featured_image":false,"footnotes":""},"categories":[7],"tags":[],"class_list":["post-1268","post","type-post","status-publish","format-standard","has-post-thumbnail","hentry","category-stiri"],"rttpg_featured_image_url":{"full":["https:\/\/capitaladaciei.ro\/wp-content\/uploads\/2022\/11\/304745418_493725695918879_2415146806092389700_n.jpg",1475,830,false],"landscape":["https:\/\/capitaladaciei.ro\/wp-content\/uploads\/2022\/11\/304745418_493725695918879_2415146806092389700_n.jpg",1475,830,false],"portraits":["https:\/\/capitaladaciei.ro\/wp-content\/uploads\/2022\/11\/304745418_493725695918879_2415146806092389700_n.jpg",1475,830,false],"thumbnail":["https:\/\/capitaladaciei.ro\/wp-content\/uploads\/2022\/11\/304745418_493725695918879_2415146806092389700_n-150x150.jpg",150,150,true],"medium":["https:\/\/capitaladaciei.ro\/wp-content\/uploads\/2022\/11\/304745418_493725695918879_2415146806092389700_n-300x169.jpg",300,169,true],"large":["https:\/\/capitaladaciei.ro\/wp-content\/uploads\/2022\/11\/304745418_493725695918879_2415146806092389700_n-1024x576.jpg",1024,576,true],"1536x1536":["https:\/\/capitaladaciei.ro\/wp-content\/uploads\/2022\/11\/304745418_493725695918879_2415146806092389700_n.jpg",1475,830,false],"2048x2048":["https:\/\/capitaladaciei.ro\/wp-content\/uploads\/2022\/11\/304745418_493725695918879_2415146806092389700_n.jpg",1475,830,false],"trp-custom-language-flag":["https:\/\/capitaladaciei.ro\/wp-content\/uploads\/2022\/11\/304745418_493725695918879_2415146806092389700_n-18x10.jpg",18,10,true]},"rttpg_author":{"display_name":"Voluntar","author_link":"https:\/\/capitaladaciei.ro\/en\/author\/voluntar\/"},"rttpg_comment":0,"rttpg_category":"<a href=\"https:\/\/capitaladaciei.ro\/en\/category\/stiri\/\" rel=\"category tag\">Stiri<\/a>","rttpg_excerpt":"\u00cen august cel fierbinte dar \u0219i foarte productiv pentru noi, nu mai pu\u021bin de 28 de copii \u0219i tineri cu viziune \u0219i mult poten\u021bial din jude\u021bul Hunedoara ne-au spus un hot\u0103r\u00e2t Prezent pentru patromoniu la \u0218coala de var\u0103 Micul Arheolog &#8211; prima edi\u021bie! Putem vorbi de o bun\u0103 colaborare \u00eentre partenerul nostru rom\u00e2n, Funda\u021bia Mihai&hellip;","_links":{"self":[{"href":"https:\/\/capitaladaciei.ro\/en\/wp-json\/wp\/v2\/posts\/1268","targetHints":{"allow":["GET"]}}],"collection":[{"href":"https:\/\/capitaladaciei.ro\/en\/wp-json\/wp\/v2\/posts"}],"about":[{"href":"https:\/\/capitaladaciei.ro\/en\/wp-json\/wp\/v2\/types\/post"}],"author":[{"embeddable":true,"href":"https:\/\/capitaladaciei.ro\/en\/wp-json\/wp\/v2\/users\/3"}],"replies":[{"embeddable":true,"href":"https:\/\/capitaladaciei.ro\/en\/wp-json\/wp\/v2\/comments?post=1268"}],"version-history":[{"count":4,"href":"https:\/\/capitaladaciei.ro\/en\/wp-json\/wp\/v2\/posts\/1268\/revisions"}],"predecessor-version":[{"id":1316,"href":"https:\/\/capitaladaciei.ro\/en\/wp-json\/wp\/v2\/posts\/1268\/revisions\/1316"}],"wp:featuredmedia":[{"embeddable":true,"href":"https:\/\/capitaladaciei.ro\/en\/wp-json\/wp\/v2\/media\/1269"}],"wp:attachment":[{"href":"https:\/\/capitaladaciei.ro\/en\/wp-json\/wp\/v2\/media?parent=1268"}],"wp:term":[{"taxonomy":"category","embeddable":true,"href":"https:\/\/capitaladaciei.ro\/en\/wp-json\/wp\/v2\/categories?post=1268"},{"taxonomy":"post_tag","embeddable":true,"href":"https:\/\/capitaladaciei.ro\/en\/wp-json\/wp\/v2\/tags?post=1268"}],"curies":[{"name":"wp","href":"https:\/\/api.w.org\/{rel}","templated":true}]}}