{"id":1293,"date":"2022-06-15T20:22:00","date_gmt":"2022-06-15T20:22:00","guid":{"rendered":"https:\/\/capitaladaciei.ro\/?p=1293"},"modified":"2022-11-19T15:56:56","modified_gmt":"2022-11-19T15:56:56","slug":"capitala-daciei-muzeul-viu-al-patrimoniului-european","status":"publish","type":"post","link":"https:\/\/capitaladaciei.ro\/en\/2022\/06\/15\/capitala-daciei-muzeul-viu-al-patrimoniului-european\/","title":{"rendered":"The capital of Dacia - A living museum of European heritage"},"content":{"rendered":"<figure class=\"wp-block-image size-large\"><img loading=\"lazy\" decoding=\"async\" width=\"1024\" height=\"461\" src=\"https:\/\/capitaladaciei.ro\/wp-content\/uploads\/2022\/11\/287759823_443156254309157_6781868872645006545_n-1024x461.jpg\" alt=\"\" class=\"wp-image-1294\" srcset=\"https:\/\/capitaladaciei.ro\/wp-content\/uploads\/2022\/11\/287759823_443156254309157_6781868872645006545_n-1024x461.jpg 1024w, https:\/\/capitaladaciei.ro\/wp-content\/uploads\/2022\/11\/287759823_443156254309157_6781868872645006545_n-300x135.jpg 300w, https:\/\/capitaladaciei.ro\/wp-content\/uploads\/2022\/11\/287759823_443156254309157_6781868872645006545_n-768x346.jpg 768w, https:\/\/capitaladaciei.ro\/wp-content\/uploads\/2022\/11\/287759823_443156254309157_6781868872645006545_n-18x8.jpg 18w, https:\/\/capitaladaciei.ro\/wp-content\/uploads\/2022\/11\/287759823_443156254309157_6781868872645006545_n.jpg 1080w\" sizes=\"auto, (max-width: 1024px) 100vw, 1024px\" \/><\/figure>\n\n\n\n<p class=\"wp-block-paragraph\">Today we present to you, four of the 14 activities through which we bring the Capital of Dacia to life, activities that support the idea of \u200b\u200ba living museum from the title of our project. The invitation to participate in them is issued to you right now! Let's tell you what it's about!<\/p>\n\n\n\n<ol class=\"wp-block-list\">\n<li><strong>Forge the iron.<\/strong> <br>We're waiting for you at the Dacian blacksmith's workshop.<br>The land of Dacia was very rich in resources.\nIn Decebalus' era, it seems that at Sarmizegetusa and in the surroundings were some of the largest metalworking workshops of European antiquity.\nIn these workshops, the Dacians made massive anvils, hammers, files, sledgehammers, tongs, chisels, objects for wood processing or used in construction, saws, axes, drills, the weapons to supply for a numerous army: swords, daggers, shields, lances, and spears.\nAdornments and garment accessories are also part of the list.\nWe awaken the young people's interest in this activity by organizing six Dacian forge workshops, to which skilled blacksmiths will be invited.\nThey will demonstrate the methods of metalworking.\nWe are also setting up an international blacksmith's workshop \u2013 in which European blacksmiths will participate, to promote these ancient Dacian crafts across Europe. <\/li>\n\n\n\n<li><strong>Step into a new reality.<\/strong><br>We're developing an intelligent IT application that will tell the history of the monument.<br>Reintegration of the historical monument into the community space and its promotion by unconventional methods such as programming an IT application, installed and managed from the mobile phone\/tablet, which brings back the history of the monument.\nThe monument will be visualized on the screen, through the magic of augmented reality.\nHow?\nBy simply orienting the smartphone camera towards the historical monument, the screen will display its reconstructed image in a situated simulation.\nThe smart app will run algorithms that identify areas of the historical site and display on the device screen an image of which virtual holograms from another historical period will be added, thus creating a merge of the real world and the virtual world.<\/li>\n\n\n\n<li><strong>Little archaeologists in action. <\/strong><br>We're opening the doors to summer schools for children with teaching archaeology in mind.<br>We want the young generations to understand the role of archaeology, in general, for the community around Sarmizegetusa Regia, in particular, by implementing a non-formal education program for the young generation coming from 8 rural communities of Or\u0103\u0219tioara de Sus:\nBucium, Or\u0103\u0219tioara de Sus, Lude\u0219ti, Coste\u0219ti-Deal, Ocoli\u0219ul Mic, Lude\u0219tii de Sus, Gr\u0103di\u0219tea Muncelului, from Hunedoara County and from all around the country.\nWe will start with 30 children in each summer school in the study of archaeology by engaging them in a series of creative activities for them to develop personally and skill-wise.\nOne of the long-term strategies of the project partner, the Mihai Eminescu Trust Foundation, which will organize these summer schools, is the idea of focusing on educating the young generations and cultivating insight into archaeology as a whole, which should raise respect towards the cultural heritage, give a sense of belonging and responsibility towards the intangible heritage.\nThus, the proposed project is a step forward in the sense of realizing this vision.<\/li>\n\n\n\n<li><strong>Work as a craftman<\/strong> <br>We organize two craft fairs with practical demonstrations and a lot of authenticity.<br>We are the trendsetters of traditional crafts and promoting cultural education, which, at the moment, is not part of the formal educational curriculum.\nCultural education activities will be implemented innovatively from the stem point of current educational methods.\nThrough experimentation, demonstration, interaction, and intercultural dialogue we will carry out cultural education activities.\nThe two editions of the crafts fair will include the exhibition of crafts goods, cultural-artistic programs, workshops to demonstrate and experiment with crafts.\nWe encourage young people to take over these occupations by creating a connection between them and the holders of traditional knowledge.\nThis kind of experiment encompasses the essence of multicultural values in the area by adapting to the current world, possibly generating revenue.<\/li>\n<\/ol>\n\n\n\n<figure class=\"wp-block-image size-full\"><img loading=\"lazy\" decoding=\"async\" width=\"960\" height=\"540\" src=\"https:\/\/capitaladaciei.ro\/wp-content\/uploads\/2022\/11\/288551799_443156230975826_640868789685576078_n.jpg\" alt=\"\" class=\"wp-image-1295\" srcset=\"https:\/\/capitaladaciei.ro\/wp-content\/uploads\/2022\/11\/288551799_443156230975826_640868789685576078_n.jpg 960w, https:\/\/capitaladaciei.ro\/wp-content\/uploads\/2022\/11\/288551799_443156230975826_640868789685576078_n-300x169.jpg 300w, https:\/\/capitaladaciei.ro\/wp-content\/uploads\/2022\/11\/288551799_443156230975826_640868789685576078_n-768x432.jpg 768w, https:\/\/capitaladaciei.ro\/wp-content\/uploads\/2022\/11\/288551799_443156230975826_640868789685576078_n-18x10.jpg 18w\" sizes=\"auto, (max-width: 960px) 100vw, 960px\" \/><\/figure>\n\n\n\n<p class=\"wp-block-paragraph\"><em>The Capital of Dacia - A LIVING MUSEUM OF THE EUROPEAN CULTURAL HERITAGE is financed with the support of EEA Grants 2014-2021 within the RO-CULTURE Programme.<\/em> <\/p>\n\n\n\n<hr class=\"wp-block-separator has-alpha-channel-opacity\" \/>\n\n\n\n<p class=\"wp-block-paragraph\">EEA and Norway Grants<br>RO-Culture Programme<br>EEA &amp; Norwegian Grants<br>Ministry of Culture<br>Unitatea de Management a Proiectului &#8211; UMP<br>National Heritage Institute -<br>Hunedoara County Council<br>Mihai Eminescu Trust<br>M\u00f8re og Romsdal fylkeskommune<\/p>","protected":false},"excerpt":{"rendered":"<p>Azi \u00ee\u021bi prezent\u0103m, patru din cele 14 activit\u0103\u021bi prin care aducem la via\u021b\u0103 Capitala Daciei, activit\u0103\u021bi care sus\u021bin ideea de muzeu viu din titlul proiectului nostru. Invita\u021bia de la participa la ele este lansat\u0103 c\u0103tre tine chiar de acum! Hai s\u0103 \u00ee\u021bi povestim despre ce este vorba! Proiectul de restaurare \u0219i revitalizare a sitului arheologic [&hellip;]<\/p>\n","protected":false},"author":3,"featured_media":1294,"comment_status":"closed","ping_status":"open","sticky":false,"template":"","format":"standard","meta":{"pagelayer_contact_templates":[],"_pagelayer_content":"","inline_featured_image":false,"footnotes":""},"categories":[7],"tags":[],"class_list":["post-1293","post","type-post","status-publish","format-standard","has-post-thumbnail","hentry","category-stiri"],"rttpg_featured_image_url":{"full":["https:\/\/capitaladaciei.ro\/wp-content\/uploads\/2022\/11\/287759823_443156254309157_6781868872645006545_n.jpg",1080,486,false],"landscape":["https:\/\/capitaladaciei.ro\/wp-content\/uploads\/2022\/11\/287759823_443156254309157_6781868872645006545_n.jpg",1080,486,false],"portraits":["https:\/\/capitaladaciei.ro\/wp-content\/uploads\/2022\/11\/287759823_443156254309157_6781868872645006545_n.jpg",1080,486,false],"thumbnail":["https:\/\/capitaladaciei.ro\/wp-content\/uploads\/2022\/11\/287759823_443156254309157_6781868872645006545_n-150x150.jpg",150,150,true],"medium":["https:\/\/capitaladaciei.ro\/wp-content\/uploads\/2022\/11\/287759823_443156254309157_6781868872645006545_n-300x135.jpg",300,135,true],"large":["https:\/\/capitaladaciei.ro\/wp-content\/uploads\/2022\/11\/287759823_443156254309157_6781868872645006545_n-1024x461.jpg",1024,461,true],"1536x1536":["https:\/\/capitaladaciei.ro\/wp-content\/uploads\/2022\/11\/287759823_443156254309157_6781868872645006545_n.jpg",1080,486,false],"2048x2048":["https:\/\/capitaladaciei.ro\/wp-content\/uploads\/2022\/11\/287759823_443156254309157_6781868872645006545_n.jpg",1080,486,false],"trp-custom-language-flag":["https:\/\/capitaladaciei.ro\/wp-content\/uploads\/2022\/11\/287759823_443156254309157_6781868872645006545_n-18x8.jpg",18,8,true]},"rttpg_author":{"display_name":"Voluntar","author_link":"https:\/\/capitaladaciei.ro\/en\/author\/voluntar\/"},"rttpg_comment":0,"rttpg_category":"<a href=\"https:\/\/capitaladaciei.ro\/en\/category\/stiri\/\" rel=\"category tag\">Stiri<\/a>","rttpg_excerpt":"Azi \u00ee\u021bi prezent\u0103m, patru din cele 14 activit\u0103\u021bi prin care aducem la via\u021b\u0103 Capitala Daciei, activit\u0103\u021bi care sus\u021bin ideea de muzeu viu din titlul proiectului nostru. Invita\u021bia de la participa la ele este lansat\u0103 c\u0103tre tine chiar de acum! Hai s\u0103 \u00ee\u021bi povestim despre ce este vorba! Proiectul de restaurare \u0219i revitalizare a sitului arheologic&hellip;","_links":{"self":[{"href":"https:\/\/capitaladaciei.ro\/en\/wp-json\/wp\/v2\/posts\/1293","targetHints":{"allow":["GET"]}}],"collection":[{"href":"https:\/\/capitaladaciei.ro\/en\/wp-json\/wp\/v2\/posts"}],"about":[{"href":"https:\/\/capitaladaciei.ro\/en\/wp-json\/wp\/v2\/types\/post"}],"author":[{"embeddable":true,"href":"https:\/\/capitaladaciei.ro\/en\/wp-json\/wp\/v2\/users\/3"}],"replies":[{"embeddable":true,"href":"https:\/\/capitaladaciei.ro\/en\/wp-json\/wp\/v2\/comments?post=1293"}],"version-history":[{"count":3,"href":"https:\/\/capitaladaciei.ro\/en\/wp-json\/wp\/v2\/posts\/1293\/revisions"}],"predecessor-version":[{"id":1374,"href":"https:\/\/capitaladaciei.ro\/en\/wp-json\/wp\/v2\/posts\/1293\/revisions\/1374"}],"wp:featuredmedia":[{"embeddable":true,"href":"https:\/\/capitaladaciei.ro\/en\/wp-json\/wp\/v2\/media\/1294"}],"wp:attachment":[{"href":"https:\/\/capitaladaciei.ro\/en\/wp-json\/wp\/v2\/media?parent=1293"}],"wp:term":[{"taxonomy":"category","embeddable":true,"href":"https:\/\/capitaladaciei.ro\/en\/wp-json\/wp\/v2\/categories?post=1293"},{"taxonomy":"post_tag","embeddable":true,"href":"https:\/\/capitaladaciei.ro\/en\/wp-json\/wp\/v2\/tags?post=1293"}],"curies":[{"name":"wp","href":"https:\/\/api.w.org\/{rel}","templated":true}]}}