{"id":1304,"date":"2022-06-02T07:07:00","date_gmt":"2022-06-02T07:07:00","guid":{"rendered":"https:\/\/capitaladaciei.ro\/?p=1304"},"modified":"2022-11-12T10:55:52","modified_gmt":"2022-11-12T10:55:52","slug":"sarmizegetusa-regia-o-istorie-fascinanta-si-din-alte-timpuri-a-capitalei-daciei","status":"publish","type":"post","link":"https:\/\/capitaladaciei.ro\/en\/2022\/06\/02\/sarmizegetusa-regia-o-istorie-fascinanta-si-din-alte-timpuri-a-capitalei-daciei\/","title":{"rendered":"Sarmizegetusa Regia \u2013 A fascinating history\u2026.. and from other times of the capital of Dacia"},"content":{"rendered":"<figure class=\"wp-block-image size-large\"><img loading=\"lazy\" decoding=\"async\" width=\"1024\" height=\"684\" src=\"https:\/\/capitaladaciei.ro\/wp-content\/uploads\/2022\/11\/285820717_435594828398633_2934882975862200814_n-1024x684.jpg\" alt=\"\" class=\"wp-image-1305\" srcset=\"https:\/\/capitaladaciei.ro\/wp-content\/uploads\/2022\/11\/285820717_435594828398633_2934882975862200814_n-1024x684.jpg 1024w, https:\/\/capitaladaciei.ro\/wp-content\/uploads\/2022\/11\/285820717_435594828398633_2934882975862200814_n-300x200.jpg 300w, https:\/\/capitaladaciei.ro\/wp-content\/uploads\/2022\/11\/285820717_435594828398633_2934882975862200814_n-768x513.jpg 768w, https:\/\/capitaladaciei.ro\/wp-content\/uploads\/2022\/11\/285820717_435594828398633_2934882975862200814_n-1536x1025.jpg 1536w, https:\/\/capitaladaciei.ro\/wp-content\/uploads\/2022\/11\/285820717_435594828398633_2934882975862200814_n-18x12.jpg 18w, https:\/\/capitaladaciei.ro\/wp-content\/uploads\/2022\/11\/285820717_435594828398633_2934882975862200814_n.jpg 1600w\" sizes=\"auto, (max-width: 1024px) 100vw, 1024px\" \/><\/figure>\n\n\n\n<p class=\"wp-block-paragraph\">V\u0103 povestim ast\u0103zi lucruri interesante despre Sarmizegetusa Regia &#8211; capitala Regatului Dac, personajul central al proiectului nostru, dup\u0103 cum v-a\u021bi dat seama \u0219i din titlul s\u0103u: &#8220;Capitala Daciei &#8211; muzeul viu al patrimoniului cultural european&#8221;. <br><\/p>\n\n\n\n<p class=\"wp-block-paragraph\">Find out with us that the ruins of the ancient city still impress visitors who arrive at the confluence of the White Valley and the Godean Valley. A road of several kilometers awaits them, along which hundreds of terraces built by the Dacians, 2000 years ago, are lined up. Numerous wooden and stone constructions were or were to be erected on them. It seems hard to imagine, but some of them also had a floor, standing out for their imposing plan and dimensions.<br><\/p>\n\n\n\n<p class=\"wp-block-paragraph\">The entire city was studded with a water catchment and distribution network made up of fired clay pipes. In addition, the quantity and quality of objects discovered by archaeologists in the relevant buildings or in various points of the Muncel Hill show us that the standard of living in the capital of the Dacian Kingdom was high for those times.<br><\/p>\n\n\n\n<p class=\"wp-block-paragraph\">Of course, the core of Sarmizegetusa Regia is the fortification and sanctuary area. This site, nowadays a clearing hidden among centuries-old trees, was chosen for the construction of several large terraces supported by strong limestone block walls. Here, the Dacians erected various monumental temples, with concentric rooms or with several rows of stone and wooden columns.<br><\/p>\n\n\n\n<p class=\"wp-block-paragraph\">The round altar in andesite, the canal winding on the 11th terrace and the ceremonial road paved with limestone tiles complete the picture of an exceptional political and religious center, hidden among the mountain peaks, but connected to the realities and tastes of its times.  <\/p>\n\n\n\n<figure class=\"wp-block-gallery has-nested-images columns-default is-cropped wp-block-gallery-1 is-layout-flex wp-block-gallery-is-layout-flex\">\n<figure class=\"wp-block-image size-large\"><img loading=\"lazy\" decoding=\"async\" width=\"1024\" height=\"715\" data-id=\"1307\" src=\"https:\/\/capitaladaciei.ro\/wp-content\/uploads\/2022\/11\/285635512_434893331802116_6001308914502760492_n-1024x715.png\" alt=\"\" class=\"wp-image-1307\" srcset=\"https:\/\/capitaladaciei.ro\/wp-content\/uploads\/2022\/11\/285635512_434893331802116_6001308914502760492_n-1024x715.png 1024w, https:\/\/capitaladaciei.ro\/wp-content\/uploads\/2022\/11\/285635512_434893331802116_6001308914502760492_n-300x209.png 300w, https:\/\/capitaladaciei.ro\/wp-content\/uploads\/2022\/11\/285635512_434893331802116_6001308914502760492_n-768x536.png 768w, https:\/\/capitaladaciei.ro\/wp-content\/uploads\/2022\/11\/285635512_434893331802116_6001308914502760492_n-18x12.png 18w, https:\/\/capitaladaciei.ro\/wp-content\/uploads\/2022\/11\/285635512_434893331802116_6001308914502760492_n.png 1106w\" sizes=\"auto, (max-width: 1024px) 100vw, 1024px\" \/><\/figure>\n\n\n\n<figure class=\"wp-block-image size-large\"><img loading=\"lazy\" decoding=\"async\" width=\"1024\" height=\"576\" data-id=\"1306\" src=\"https:\/\/capitaladaciei.ro\/wp-content\/uploads\/2022\/11\/285713028_434893341802115_1586687484250764651_n-1024x576.jpg\" alt=\"\" class=\"wp-image-1306\" srcset=\"https:\/\/capitaladaciei.ro\/wp-content\/uploads\/2022\/11\/285713028_434893341802115_1586687484250764651_n-1024x576.jpg 1024w, https:\/\/capitaladaciei.ro\/wp-content\/uploads\/2022\/11\/285713028_434893341802115_1586687484250764651_n-300x169.jpg 300w, https:\/\/capitaladaciei.ro\/wp-content\/uploads\/2022\/11\/285713028_434893341802115_1586687484250764651_n-768x432.jpg 768w, https:\/\/capitaladaciei.ro\/wp-content\/uploads\/2022\/11\/285713028_434893341802115_1586687484250764651_n-1536x864.jpg 1536w, https:\/\/capitaladaciei.ro\/wp-content\/uploads\/2022\/11\/285713028_434893341802115_1586687484250764651_n-18x10.jpg 18w, https:\/\/capitaladaciei.ro\/wp-content\/uploads\/2022\/11\/285713028_434893341802115_1586687484250764651_n.jpg 1728w\" sizes=\"auto, (max-width: 1024px) 100vw, 1024px\" \/><\/figure>\n\n\n\n<figure class=\"wp-block-image size-large\"><img loading=\"lazy\" decoding=\"async\" width=\"1024\" height=\"495\" data-id=\"1308\" src=\"https:\/\/capitaladaciei.ro\/wp-content\/uploads\/2022\/11\/285725141_434893351802114_7969374503195101871_n-1024x495.png\" alt=\"\" class=\"wp-image-1308\" srcset=\"https:\/\/capitaladaciei.ro\/wp-content\/uploads\/2022\/11\/285725141_434893351802114_7969374503195101871_n-1024x495.png 1024w, https:\/\/capitaladaciei.ro\/wp-content\/uploads\/2022\/11\/285725141_434893351802114_7969374503195101871_n-300x145.png 300w, https:\/\/capitaladaciei.ro\/wp-content\/uploads\/2022\/11\/285725141_434893351802114_7969374503195101871_n-768x371.png 768w, https:\/\/capitaladaciei.ro\/wp-content\/uploads\/2022\/11\/285725141_434893351802114_7969374503195101871_n-18x9.png 18w, https:\/\/capitaladaciei.ro\/wp-content\/uploads\/2022\/11\/285725141_434893351802114_7969374503195101871_n.png 1123w\" sizes=\"auto, (max-width: 1024px) 100vw, 1024px\" \/><\/figure>\n<\/figure>\n\n\n\n<p class=\"wp-block-paragraph\">Imaginile au fost preluate din volumul coordonat de C\u0103lin Neam\u021bu, Gelu Florea, Gabriela Gheorghiu, Bod\u00f3 Cristina, C\u00e2nd via\u021ba cotidian\u0103 antic\u0103 devine patrimoniu UNESCO &#8211; Incursiuni dacice \u00een spa\u021biul virtual, Cluj-Napoca, 2016. <\/p>\n\n\n\n<p class=\"wp-block-paragraph\"><\/p>\n\n\n\n<p class=\"wp-block-paragraph\"><em>The Capital of Dacia - A LIVING MUSEUM OF THE EUROPEAN CULTURAL HERITAGE is financed with the support of EEA Grants 2014-2021 within the RO-CULTURE Programme. <\/em><\/p>\n\n\n\n<hr class=\"wp-block-separator has-alpha-channel-opacity\" \/>\n\n\n\n<p class=\"wp-block-paragraph\">EEA and Norway Grants<br>RO-Culture Programme<br>EEA &amp; Norwegian Grants<br>Ministry of Culture<br>Unitatea de Management a Proiectului &#8211; UMP<br>National Heritage Institute -<br>Hunedoara County Council<br>Mihai Eminescu Trust<br>M\u00f8re og Romsdal fylkeskommune<\/p>","protected":false},"excerpt":{"rendered":"<p>V\u0103 povestim ast\u0103zi lucruri interesante despre Sarmizegetusa Regia &#8211; capitala Regatului Dac, personajul central al proiectului nostru, dup\u0103 cum v-a\u021bi dat seama \u0219i din titlul s\u0103u: &#8220;Capitala Daciei &#8211; muzeul viu al patrimoniului cultural european&#8221;. Afla\u021bi cu noi c\u0103 ruinele ora\u0219ului antic impresioneaz\u0103 \u0219i ast\u0103zi vizitatorii care ajung la confluen\u021ba V\u0103ii Albe cu Valea Godeanului. [&hellip;]<\/p>\n","protected":false},"author":3,"featured_media":1305,"comment_status":"closed","ping_status":"open","sticky":false,"template":"","format":"standard","meta":{"pagelayer_contact_templates":[],"_pagelayer_content":"","inline_featured_image":false,"footnotes":""},"categories":[7],"tags":[],"class_list":["post-1304","post","type-post","status-publish","format-standard","has-post-thumbnail","hentry","category-stiri"],"rttpg_featured_image_url":{"full":["https:\/\/capitaladaciei.ro\/wp-content\/uploads\/2022\/11\/285820717_435594828398633_2934882975862200814_n.jpg",1600,1068,false],"landscape":["https:\/\/capitaladaciei.ro\/wp-content\/uploads\/2022\/11\/285820717_435594828398633_2934882975862200814_n.jpg",1600,1068,false],"portraits":["https:\/\/capitaladaciei.ro\/wp-content\/uploads\/2022\/11\/285820717_435594828398633_2934882975862200814_n.jpg",1600,1068,false],"thumbnail":["https:\/\/capitaladaciei.ro\/wp-content\/uploads\/2022\/11\/285820717_435594828398633_2934882975862200814_n-150x150.jpg",150,150,true],"medium":["https:\/\/capitaladaciei.ro\/wp-content\/uploads\/2022\/11\/285820717_435594828398633_2934882975862200814_n-300x200.jpg",300,200,true],"large":["https:\/\/capitaladaciei.ro\/wp-content\/uploads\/2022\/11\/285820717_435594828398633_2934882975862200814_n-1024x684.jpg",1024,684,true],"1536x1536":["https:\/\/capitaladaciei.ro\/wp-content\/uploads\/2022\/11\/285820717_435594828398633_2934882975862200814_n-1536x1025.jpg",1536,1025,true],"2048x2048":["https:\/\/capitaladaciei.ro\/wp-content\/uploads\/2022\/11\/285820717_435594828398633_2934882975862200814_n.jpg",1600,1068,false],"trp-custom-language-flag":["https:\/\/capitaladaciei.ro\/wp-content\/uploads\/2022\/11\/285820717_435594828398633_2934882975862200814_n-18x12.jpg",18,12,true]},"rttpg_author":{"display_name":"Voluntar","author_link":"https:\/\/capitaladaciei.ro\/en\/author\/voluntar\/"},"rttpg_comment":0,"rttpg_category":"<a href=\"https:\/\/capitaladaciei.ro\/en\/category\/stiri\/\" rel=\"category tag\">Stiri<\/a>","rttpg_excerpt":"V\u0103 povestim ast\u0103zi lucruri interesante despre Sarmizegetusa Regia &#8211; capitala Regatului Dac, personajul central al proiectului nostru, dup\u0103 cum v-a\u021bi dat seama \u0219i din titlul s\u0103u: &#8220;Capitala Daciei &#8211; muzeul viu al patrimoniului cultural european&#8221;. Afla\u021bi cu noi c\u0103 ruinele ora\u0219ului antic impresioneaz\u0103 \u0219i ast\u0103zi vizitatorii care ajung la confluen\u021ba V\u0103ii Albe cu Valea Godeanului.&hellip;","_links":{"self":[{"href":"https:\/\/capitaladaciei.ro\/en\/wp-json\/wp\/v2\/posts\/1304","targetHints":{"allow":["GET"]}}],"collection":[{"href":"https:\/\/capitaladaciei.ro\/en\/wp-json\/wp\/v2\/posts"}],"about":[{"href":"https:\/\/capitaladaciei.ro\/en\/wp-json\/wp\/v2\/types\/post"}],"author":[{"embeddable":true,"href":"https:\/\/capitaladaciei.ro\/en\/wp-json\/wp\/v2\/users\/3"}],"replies":[{"embeddable":true,"href":"https:\/\/capitaladaciei.ro\/en\/wp-json\/wp\/v2\/comments?post=1304"}],"version-history":[{"count":1,"href":"https:\/\/capitaladaciei.ro\/en\/wp-json\/wp\/v2\/posts\/1304\/revisions"}],"predecessor-version":[{"id":1309,"href":"https:\/\/capitaladaciei.ro\/en\/wp-json\/wp\/v2\/posts\/1304\/revisions\/1309"}],"wp:featuredmedia":[{"embeddable":true,"href":"https:\/\/capitaladaciei.ro\/en\/wp-json\/wp\/v2\/media\/1305"}],"wp:attachment":[{"href":"https:\/\/capitaladaciei.ro\/en\/wp-json\/wp\/v2\/media?parent=1304"}],"wp:term":[{"taxonomy":"category","embeddable":true,"href":"https:\/\/capitaladaciei.ro\/en\/wp-json\/wp\/v2\/categories?post=1304"},{"taxonomy":"post_tag","embeddable":true,"href":"https:\/\/capitaladaciei.ro\/en\/wp-json\/wp\/v2\/tags?post=1304"}],"curies":[{"name":"wp","href":"https:\/\/api.w.org\/{rel}","templated":true}]}}