{"id":1511,"date":"2023-03-16T07:35:56","date_gmt":"2023-03-16T07:35:56","guid":{"rendered":"https:\/\/capitaladaciei.ro\/?p=1511"},"modified":"2023-03-16T07:35:56","modified_gmt":"2023-03-16T07:35:56","slug":"ce-ar-putea-cauta-un-profesor-de-limbi-straine-la-un-atelier-de-promovarea-a-patrimoniului-la-costesti","status":"publish","type":"post","link":"https:\/\/capitaladaciei.ro\/en\/2023\/03\/16\/ce-ar-putea-cauta-un-profesor-de-limbi-straine-la-un-atelier-de-promovarea-a-patrimoniului-la-costesti\/","title":{"rendered":"<strong>What could a foreign language teacher look for at a heritage promotion workshop in Coste\u0219ti?<\/strong>"},"content":{"rendered":"<p class=\"wp-block-paragraph\"><em>written by Adriana Ioana B\u00e2rcean<\/em><\/p>\n\n\n\n<p class=\"wp-block-paragraph\"><em>teacher of Culture and English civilization &amp; Theater at Deva Children's Palace, Or\u0103\u0219tie branch<\/em><\/p>\n\n\n\n<p class=\"wp-block-paragraph\"><em>French teacher at the \"Aurel Vlaicu\" Theoretical High School in Or\u0103\u0219tie<\/em><\/p>\n\n\n\n<p class=\"wp-block-paragraph\">This is an absolutely natural question when you talk about aspects that are not related to teaching and the didactic act, in general. But education is about learning and learning is not only done in the formal setting of educational institutions. Learning is of many types and the coming generations find it much easier to learn experientially, by doing and not just by learning, on a cognitive level. In fact, this is how we all learn better and remembering becomes experience.<\/p>\n\n\n\n<p class=\"wp-block-paragraph translation-block\">The beginning of winter found me in Coste\u0219ti, at the Lupul Dacic Guesthouse, learning new things together with well-known people of the area. Alone in the field of education, I learned together with these wonderful fellow learners and Caroline and Leo (and then the team from MET who joined) about how we promote local heritage values \u200b\u200band last but not least, UNESCO heritage values .<\/p>\n\n\n\n<p class=\"wp-block-paragraph\">I remember Leo and a picture of him that he projected for us in the workshop \u2013 a photo in which he was in Or\u0103\u0219tie at an intersection where there were 3 signs to UNESCO heritage sites. Yes, in Or\u0103\u0219tie! I also relive this image, often passing through that intersection on my way to school.<\/p>\n\n\n\n<p class=\"wp-block-paragraph\">I didn't know much about Sarmizegetusa until then. I only knew that it was a place where students go on vacations or with the school, on thematic trips. <\/p>\n\n\n\n<p class=\"wp-block-paragraph\">I then learned, from the visit to the site with the group, during the workshop, that things are much more complex and that you have to look for the information and pass it on, especially if you are a teacher.<\/p>\n\n\n\n<p class=\"wp-block-paragraph\">Am descoperit de la profesori arheologi din zon\u0103 c\u0103 sunt elevi de la Liceul Teoretic \u201dAurel Vlaicu\u201d care, \u00een verile toride, stau \u0219i ajut\u0103 exper\u021bii \u00een situri, contribuind \u0219i ei la marile descoperiri&#8230; Astfel, am aflat de Tudor din XII-a B (recomandat fiindu-i de profesorul arheolog al sitului s\u0103 se \u00eendrepte spre meseria de arheolog pentru c\u0103 \u201dare o m\u00e2n\u0103 fin\u0103 \u0219i documenteaz\u0103 ca un expert\u201d ), de Nicolae dintr-a XI-a A sau de Mimi, dintr-a IX-a. Adolescen\u021bi care din curiozitate ajut\u0103 la descoperiri extraordinare. Zi de zi, a\u0219tept\u00e2nd, s\u0103 se reveleze \u0219i mai mult din situl care ne surprinde mereu cu bog\u0103\u021bia lui.<\/p>\n\n\n\n<p class=\"wp-block-paragraph\">This workshop was a real context for creating friendships and discovering resource people to bring you closer to the truth of places.<br><\/p>\n\n\n\n<figure class=\"wp-block-image size-large\"><img loading=\"lazy\" decoding=\"async\" width=\"1024\" height=\"768\" src=\"https:\/\/capitaladaciei.ro\/wp-content\/uploads\/2023\/03\/WhatsApp-Image-2022-11-14-at-12.52.42-1024x768.jpeg\" alt=\"\" class=\"wp-image-1512\" srcset=\"https:\/\/capitaladaciei.ro\/wp-content\/uploads\/2023\/03\/WhatsApp-Image-2022-11-14-at-12.52.42-1024x768.jpeg 1024w, https:\/\/capitaladaciei.ro\/wp-content\/uploads\/2023\/03\/WhatsApp-Image-2022-11-14-at-12.52.42-300x225.jpeg 300w, https:\/\/capitaladaciei.ro\/wp-content\/uploads\/2023\/03\/WhatsApp-Image-2022-11-14-at-12.52.42-768x576.jpeg 768w, https:\/\/capitaladaciei.ro\/wp-content\/uploads\/2023\/03\/WhatsApp-Image-2022-11-14-at-12.52.42-1536x1152.jpeg 1536w, https:\/\/capitaladaciei.ro\/wp-content\/uploads\/2023\/03\/WhatsApp-Image-2022-11-14-at-12.52.42-16x12.jpeg 16w, https:\/\/capitaladaciei.ro\/wp-content\/uploads\/2023\/03\/WhatsApp-Image-2022-11-14-at-12.52.42.jpeg 2000w\" sizes=\"auto, (max-width: 1024px) 100vw, 1024px\" \/><\/figure>","protected":false},"excerpt":{"rendered":"<p>de Adriana Ioana B\u00e2rcean, profesor de Cultur\u0103 \u0219i civiliza\u021bie englez\u0103&amp;Teatru la Palatul Copiilor Deva, filiala Or\u0103\u0219tie profesor de limba francez\u0103 la Liceul Teoretic \u201dAurel Vlaicu \u201d Or\u0103\u0219tie Aceasta este o \u00eentrebarea absolut fireasc\u0103 atunci c\u00e2nd vorbe\u0219ti de aspecte care nu \u021bin de predare \u0219i de actul didactic, \u00een general. Dar educa\u021bia este despre \u00eenv\u0103\u021bare \u0219i [&hellip;]<\/p>\n","protected":false},"author":1,"featured_media":1512,"comment_status":"closed","ping_status":"open","sticky":false,"template":"","format":"standard","meta":{"pagelayer_contact_templates":[],"_pagelayer_content":"","inline_featured_image":false,"footnotes":""},"categories":[8],"tags":[],"class_list":["post-1511","post","type-post","status-publish","format-standard","has-post-thumbnail","hentry","category-blog"],"rttpg_featured_image_url":{"full":["https:\/\/capitaladaciei.ro\/wp-content\/uploads\/2023\/03\/WhatsApp-Image-2022-11-14-at-12.52.42.jpeg",2000,1500,false],"landscape":["https:\/\/capitaladaciei.ro\/wp-content\/uploads\/2023\/03\/WhatsApp-Image-2022-11-14-at-12.52.42.jpeg",2000,1500,false],"portraits":["https:\/\/capitaladaciei.ro\/wp-content\/uploads\/2023\/03\/WhatsApp-Image-2022-11-14-at-12.52.42.jpeg",2000,1500,false],"thumbnail":["https:\/\/capitaladaciei.ro\/wp-content\/uploads\/2023\/03\/WhatsApp-Image-2022-11-14-at-12.52.42-150x150.jpeg",150,150,true],"medium":["https:\/\/capitaladaciei.ro\/wp-content\/uploads\/2023\/03\/WhatsApp-Image-2022-11-14-at-12.52.42-300x225.jpeg",300,225,true],"large":["https:\/\/capitaladaciei.ro\/wp-content\/uploads\/2023\/03\/WhatsApp-Image-2022-11-14-at-12.52.42-1024x768.jpeg",1024,768,true],"1536x1536":["https:\/\/capitaladaciei.ro\/wp-content\/uploads\/2023\/03\/WhatsApp-Image-2022-11-14-at-12.52.42-1536x1152.jpeg",1536,1152,true],"2048x2048":["https:\/\/capitaladaciei.ro\/wp-content\/uploads\/2023\/03\/WhatsApp-Image-2022-11-14-at-12.52.42.jpeg",2000,1500,false],"trp-custom-language-flag":["https:\/\/capitaladaciei.ro\/wp-content\/uploads\/2023\/03\/WhatsApp-Image-2022-11-14-at-12.52.42-16x12.jpeg",16,12,true]},"rttpg_author":{"display_name":"admin","author_link":"https:\/\/capitaladaciei.ro\/en\/author\/admin\/"},"rttpg_comment":0,"rttpg_category":"<a href=\"https:\/\/capitaladaciei.ro\/en\/category\/blog\/\" rel=\"category tag\">Blog<\/a>","rttpg_excerpt":"de Adriana Ioana B\u00e2rcean, profesor de Cultur\u0103 \u0219i civiliza\u021bie englez\u0103&amp;Teatru la Palatul Copiilor Deva, filiala Or\u0103\u0219tie profesor de limba francez\u0103 la Liceul Teoretic \u201dAurel Vlaicu \u201d Or\u0103\u0219tie Aceasta este o \u00eentrebarea absolut fireasc\u0103 atunci c\u00e2nd vorbe\u0219ti de aspecte care nu \u021bin de predare \u0219i de actul didactic, \u00een general. Dar educa\u021bia este despre \u00eenv\u0103\u021bare \u0219i&hellip;","_links":{"self":[{"href":"https:\/\/capitaladaciei.ro\/en\/wp-json\/wp\/v2\/posts\/1511","targetHints":{"allow":["GET"]}}],"collection":[{"href":"https:\/\/capitaladaciei.ro\/en\/wp-json\/wp\/v2\/posts"}],"about":[{"href":"https:\/\/capitaladaciei.ro\/en\/wp-json\/wp\/v2\/types\/post"}],"author":[{"embeddable":true,"href":"https:\/\/capitaladaciei.ro\/en\/wp-json\/wp\/v2\/users\/1"}],"replies":[{"embeddable":true,"href":"https:\/\/capitaladaciei.ro\/en\/wp-json\/wp\/v2\/comments?post=1511"}],"version-history":[{"count":1,"href":"https:\/\/capitaladaciei.ro\/en\/wp-json\/wp\/v2\/posts\/1511\/revisions"}],"predecessor-version":[{"id":1513,"href":"https:\/\/capitaladaciei.ro\/en\/wp-json\/wp\/v2\/posts\/1511\/revisions\/1513"}],"wp:featuredmedia":[{"embeddable":true,"href":"https:\/\/capitaladaciei.ro\/en\/wp-json\/wp\/v2\/media\/1512"}],"wp:attachment":[{"href":"https:\/\/capitaladaciei.ro\/en\/wp-json\/wp\/v2\/media?parent=1511"}],"wp:term":[{"taxonomy":"category","embeddable":true,"href":"https:\/\/capitaladaciei.ro\/en\/wp-json\/wp\/v2\/categories?post=1511"},{"taxonomy":"post_tag","embeddable":true,"href":"https:\/\/capitaladaciei.ro\/en\/wp-json\/wp\/v2\/tags?post=1511"}],"curies":[{"name":"wp","href":"https:\/\/api.w.org\/{rel}","templated":true}]}}